{"id":667,"date":"2021-11-19T11:22:38","date_gmt":"2021-11-19T10:22:38","guid":{"rendered":"https:\/\/www.vdoever.nl\/the-new-shipping-hall-and-delivery-line-one-year-later\/"},"modified":"2021-11-19T11:29:58","modified_gmt":"2021-11-19T10:29:58","slug":"die-neue-versandhalle-und-lieferlinie-ein-jahr-spaeter","status":"publish","type":"post","link":"http:\/\/www.vdoever.nl\/de\/die-neue-versandhalle-und-lieferlinie-ein-jahr-spaeter\/","title":{"rendered":"Die neue Versandhalle und Lieferlinie, ein Jahr sp\u00e4ter&#8230;"},"content":{"rendered":"<p>&nbsp;<\/p>\n<p>Die Renovierung unserer Versandhalle wurde vor \u00fcber einem Jahr abgeschlossen. Die Investition hat sich als gro\u00dfer Erfolg erwiesen. Mit der installierten Javo-Lieferlinie k\u00f6nnen wir unsere Auftr\u00e4ge pr\u00e4ziser, besser und schneller bearbeiten. Da verschiedene T\u00e4tigkeiten wie das Reinigen und Etikettieren der Pflanzen jetzt innerhalb der Lieferlinie durchgef\u00fchrt werden, haben sich die Arbeitsbedingungen erheblich verbessert. Dadurch ist die Bearbeitung der Auftr\u00e4ge weniger anstrengend als fr\u00fcher.<\/p>\n\n<style type=\"text\/css\" data-created_by=\"avia_inline_auto\" id=\"style-css-av-aqwqb-b8d14f7af0802bcfe02ffd9b195d0587\">\n#top .avia-gallery.av-aqwqb-b8d14f7af0802bcfe02ffd9b195d0587 .avia-gallery-thumb a{\nwidth:33.3333%;\n}\n<\/style>\n<div  class='avia-gallery av-aqwqb-b8d14f7af0802bcfe02ffd9b195d0587 avia_animate_when_visible  avia-builder-el-0  avia-builder-el-no-sibling  avia_lazyload avia-gallery-animate avia-gallery-1'  itemprop=\"image\" itemscope=\"itemscope\" itemtype=\"https:\/\/schema.org\/ImageObject\" ><meta itemprop=\"contentURL\" content=\"http:\/\/www.vdoever.nl\/de\/die-neue-versandhalle-und-lieferlinie-ein-jahr-spaeter\/\"><div class='avia-gallery-thumb'><a href=\"http:\/\/www.vdoever.nl\/wp-content\/uploads\/2021\/11\/Afleverlijn2-1030x773.jpg\" data-srcset=\"http:\/\/www.vdoever.nl\/wp-content\/uploads\/2021\/11\/Afleverlijn2-1030x773.jpg 1030w, http:\/\/www.vdoever.nl\/wp-content\/uploads\/2021\/11\/Afleverlijn2-300x225.jpg 300w, http:\/\/www.vdoever.nl\/wp-content\/uploads\/2021\/11\/Afleverlijn2-1536x1152.jpg 1536w, http:\/\/www.vdoever.nl\/wp-content\/uploads\/2021\/11\/Afleverlijn2-1500x1125.jpg 1500w, http:\/\/www.vdoever.nl\/wp-content\/uploads\/2021\/11\/Afleverlijn2-705x529.jpg 705w, http:\/\/www.vdoever.nl\/wp-content\/uploads\/2021\/11\/Afleverlijn2.jpg 2016w\" data-sizes=\"(max-width: 1030px) 100vw, 1030px\" data-rel='gallery-1' data-prev-img='http:\/\/www.vdoever.nl\/wp-content\/uploads\/2021\/11\/Afleverlijn2-495x400.jpg' class='first_thumb lightbox ' data-onclick='1' title='Afleverlijn2'  itemprop=\"thumbnailUrl\"  ><img decoding=\"async\" fetchpriority=\"high\" class=\"wp-image-638 avia-img-lazy-loading-not-638\"   src=\"http:\/\/www.vdoever.nl\/wp-content\/uploads\/2021\/11\/Afleverlijn2-495x400.jpg\" width=\"495\" height=\"400\"  title='Afleverlijn2' alt='' srcset=\"http:\/\/www.vdoever.nl\/wp-content\/uploads\/2021\/11\/Afleverlijn2-495x400.jpg 495w, http:\/\/www.vdoever.nl\/wp-content\/uploads\/2021\/11\/Afleverlijn2-845x684.jpg 845w\" sizes=\"(max-width: 495px) 100vw, 495px\" \/><div class='big-prev-fake'><img decoding=\"async\" loading=\"lazy\" class=\"wp-image-638 avia-img-lazy-loading-638\"  width=\"495\" height=\"400\" src=\"http:\/\/www.vdoever.nl\/wp-content\/uploads\/2021\/11\/Afleverlijn2-495x400.jpg\" title='Afleverlijn2' alt='' srcset=\"http:\/\/www.vdoever.nl\/wp-content\/uploads\/2021\/11\/Afleverlijn2-495x400.jpg 495w, http:\/\/www.vdoever.nl\/wp-content\/uploads\/2021\/11\/Afleverlijn2-845x684.jpg 845w\" sizes=\"auto, (max-width: 495px) 100vw, 495px\" \/><\/div><\/a><a href=\"http:\/\/www.vdoever.nl\/wp-content\/uploads\/2021\/11\/Afleverlijn5-1030x686.jpg\" data-srcset=\"http:\/\/www.vdoever.nl\/wp-content\/uploads\/2021\/11\/Afleverlijn5-1030x686.jpg 1030w, http:\/\/www.vdoever.nl\/wp-content\/uploads\/2021\/11\/Afleverlijn5-300x200.jpg 300w, http:\/\/www.vdoever.nl\/wp-content\/uploads\/2021\/11\/Afleverlijn5-1536x1023.jpg 1536w, http:\/\/www.vdoever.nl\/wp-content\/uploads\/2021\/11\/Afleverlijn5-2048x1364.jpg 2048w, http:\/\/www.vdoever.nl\/wp-content\/uploads\/2021\/11\/Afleverlijn5-1500x999.jpg 1500w, http:\/\/www.vdoever.nl\/wp-content\/uploads\/2021\/11\/Afleverlijn5-705x470.jpg 705w\" data-sizes=\"(max-width: 1030px) 100vw, 1030px\" data-rel='gallery-1' data-prev-img='http:\/\/www.vdoever.nl\/wp-content\/uploads\/2021\/11\/Afleverlijn5-495x400.jpg' class='lightbox ' data-onclick='2' title='Afleverlijn5'  itemprop=\"thumbnailUrl\"  ><img decoding=\"async\" fetchpriority=\"high\" class=\"wp-image-641 avia-img-lazy-loading-not-641\"   src=\"http:\/\/www.vdoever.nl\/wp-content\/uploads\/2021\/11\/Afleverlijn5-495x400.jpg\" width=\"495\" height=\"400\"  title='Afleverlijn5' alt='' srcset=\"http:\/\/www.vdoever.nl\/wp-content\/uploads\/2021\/11\/Afleverlijn5-495x400.jpg 495w, http:\/\/www.vdoever.nl\/wp-content\/uploads\/2021\/11\/Afleverlijn5-845x684.jpg 845w\" sizes=\"(max-width: 495px) 100vw, 495px\" \/><div class='big-prev-fake'><img decoding=\"async\" loading=\"lazy\" class=\"wp-image-641 avia-img-lazy-loading-641\"  width=\"495\" height=\"400\" src=\"http:\/\/www.vdoever.nl\/wp-content\/uploads\/2021\/11\/Afleverlijn5-495x400.jpg\" title='Afleverlijn5' alt='' srcset=\"http:\/\/www.vdoever.nl\/wp-content\/uploads\/2021\/11\/Afleverlijn5-495x400.jpg 495w, http:\/\/www.vdoever.nl\/wp-content\/uploads\/2021\/11\/Afleverlijn5-845x684.jpg 845w\" sizes=\"auto, (max-width: 495px) 100vw, 495px\" \/><\/div><\/a><a href=\"http:\/\/www.vdoever.nl\/wp-content\/uploads\/2021\/11\/Afleverlijn3-1030x773.jpg\" data-srcset=\"http:\/\/www.vdoever.nl\/wp-content\/uploads\/2021\/11\/Afleverlijn3-1030x773.jpg 1030w, http:\/\/www.vdoever.nl\/wp-content\/uploads\/2021\/11\/Afleverlijn3-300x225.jpg 300w, http:\/\/www.vdoever.nl\/wp-content\/uploads\/2021\/11\/Afleverlijn3-1536x1152.jpg 1536w, http:\/\/www.vdoever.nl\/wp-content\/uploads\/2021\/11\/Afleverlijn3-1500x1125.jpg 1500w, http:\/\/www.vdoever.nl\/wp-content\/uploads\/2021\/11\/Afleverlijn3-705x529.jpg 705w, http:\/\/www.vdoever.nl\/wp-content\/uploads\/2021\/11\/Afleverlijn3.jpg 2016w\" data-sizes=\"(max-width: 1030px) 100vw, 1030px\" data-rel='gallery-1' data-prev-img='http:\/\/www.vdoever.nl\/wp-content\/uploads\/2021\/11\/Afleverlijn3-495x400.jpg' class='lightbox ' data-onclick='3' title='Afleverlijn3'  itemprop=\"thumbnailUrl\"  ><img decoding=\"async\" fetchpriority=\"high\" class=\"wp-image-644 avia-img-lazy-loading-not-644\"   src=\"http:\/\/www.vdoever.nl\/wp-content\/uploads\/2021\/11\/Afleverlijn3-495x400.jpg\" width=\"495\" height=\"400\"  title='Afleverlijn3' alt='' srcset=\"http:\/\/www.vdoever.nl\/wp-content\/uploads\/2021\/11\/Afleverlijn3-495x400.jpg 495w, http:\/\/www.vdoever.nl\/wp-content\/uploads\/2021\/11\/Afleverlijn3-845x684.jpg 845w\" sizes=\"(max-width: 495px) 100vw, 495px\" \/><div class='big-prev-fake'><img decoding=\"async\" loading=\"lazy\" class=\"wp-image-644 avia-img-lazy-loading-644\"  width=\"495\" height=\"400\" src=\"http:\/\/www.vdoever.nl\/wp-content\/uploads\/2021\/11\/Afleverlijn3-495x400.jpg\" title='Afleverlijn3' alt='' srcset=\"http:\/\/www.vdoever.nl\/wp-content\/uploads\/2021\/11\/Afleverlijn3-495x400.jpg 495w, http:\/\/www.vdoever.nl\/wp-content\/uploads\/2021\/11\/Afleverlijn3-845x684.jpg 845w\" sizes=\"auto, (max-width: 495px) 100vw, 495px\" \/><\/div><\/a><\/div><\/div>\n","protected":false},"excerpt":{"rendered":"<p>&nbsp; Die Renovierung unserer Versandhalle wurde vor \u00fcber einem Jahr abgeschlossen. Die Investition hat sich als gro\u00dfer Erfolg erwiesen. Mit der installierten Javo-Lieferlinie k\u00f6nnen wir unsere Auftr\u00e4ge pr\u00e4ziser, besser und schneller bearbeiten. Da verschiedene T\u00e4tigkeiten wie das Reinigen und Etikettieren der Pflanzen jetzt innerhalb der Lieferlinie durchgef\u00fchrt werden, haben sich die Arbeitsbedingungen erheblich verbessert. Dadurch [&hellip;]<\/p>\n","protected":false},"author":1,"featured_media":641,"comment_status":"closed","ping_status":"closed","sticky":false,"template":"","format":"standard","meta":{"footnotes":""},"categories":[11],"tags":[],"class_list":["post-667","post","type-post","status-publish","format-standard","has-post-thumbnail","hentry","category-neuigkeiten"],"yoast_head":"<!-- This site is optimized with the Yoast SEO plugin v27.3 - https:\/\/yoast.com\/product\/yoast-seo-wordpress\/ -->\n<title>Die neue Versandhalle und Lieferlinie, ein Jahr sp\u00e4ter... - Kwekerij M. van den Oever BV<\/title>\n<meta name=\"robots\" content=\"index, follow, max-snippet:-1, max-image-preview:large, max-video-preview:-1\" \/>\n<link rel=\"canonical\" href=\"http:\/\/www.vdoever.nl\/de\/die-neue-versandhalle-und-lieferlinie-ein-jahr-spaeter\/\" \/>\n<meta property=\"og:locale\" content=\"de_DE\" \/>\n<meta property=\"og:type\" content=\"article\" \/>\n<meta property=\"og:title\" content=\"Die neue Versandhalle und Lieferlinie, ein Jahr sp\u00e4ter... - Kwekerij M. van den Oever BV\" \/>\n<meta property=\"og:description\" content=\"&nbsp; Die Renovierung unserer Versandhalle wurde vor \u00fcber einem Jahr abgeschlossen. Die Investition hat sich als gro\u00dfer Erfolg erwiesen. Mit der installierten Javo-Lieferlinie k\u00f6nnen wir unsere Auftr\u00e4ge pr\u00e4ziser, besser und schneller bearbeiten. Da verschiedene T\u00e4tigkeiten wie das Reinigen und Etikettieren der Pflanzen jetzt innerhalb der Lieferlinie durchgef\u00fchrt werden, haben sich die Arbeitsbedingungen erheblich verbessert. Dadurch [&hellip;]\" \/>\n<meta property=\"og:url\" content=\"http:\/\/www.vdoever.nl\/de\/die-neue-versandhalle-und-lieferlinie-ein-jahr-spaeter\/\" \/>\n<meta property=\"og:site_name\" content=\"Kwekerij M. van den Oever BV\" \/>\n<meta property=\"article:published_time\" content=\"2021-11-19T10:22:38+00:00\" \/>\n<meta property=\"article:modified_time\" content=\"2021-11-19T10:29:58+00:00\" \/>\n<meta property=\"og:image\" content=\"http:\/\/www.vdoever.nl\/wp-content\/uploads\/2021\/11\/Afleverlijn5-1030x686.jpg\" \/>\n\t<meta property=\"og:image:width\" content=\"1030\" \/>\n\t<meta property=\"og:image:height\" content=\"686\" \/>\n\t<meta property=\"og:image:type\" content=\"image\/jpeg\" \/>\n<meta name=\"author\" content=\"GrafiTec\" \/>\n<meta name=\"twitter:card\" content=\"summary_large_image\" \/>\n<meta name=\"twitter:label1\" content=\"Verfasst von\" \/>\n\t<meta name=\"twitter:data1\" content=\"GrafiTec\" \/>\n\t<meta name=\"twitter:label2\" content=\"Gesch\u00e4tzte Lesezeit\" \/>\n\t<meta name=\"twitter:data2\" content=\"1\u00a0Minute\" \/>\n<script type=\"application\/ld+json\" class=\"yoast-schema-graph\">{\"@context\":\"https:\\\/\\\/schema.org\",\"@graph\":[{\"@type\":\"Article\",\"@id\":\"http:\\\/\\\/www.vdoever.nl\\\/de\\\/die-neue-versandhalle-und-lieferlinie-ein-jahr-spaeter\\\/#article\",\"isPartOf\":{\"@id\":\"http:\\\/\\\/www.vdoever.nl\\\/de\\\/die-neue-versandhalle-und-lieferlinie-ein-jahr-spaeter\\\/\"},\"author\":{\"name\":\"GrafiTec\",\"@id\":\"https:\\\/\\\/www.vdoever.nl\\\/#\\\/schema\\\/person\\\/6329dbc7eab5a51ee48230c39f88090a\"},\"headline\":\"Die neue Versandhalle und Lieferlinie, ein Jahr sp\u00e4ter&#8230;\",\"datePublished\":\"2021-11-19T10:22:38+00:00\",\"dateModified\":\"2021-11-19T10:29:58+00:00\",\"mainEntityOfPage\":{\"@id\":\"http:\\\/\\\/www.vdoever.nl\\\/de\\\/die-neue-versandhalle-und-lieferlinie-ein-jahr-spaeter\\\/\"},\"wordCount\":129,\"image\":{\"@id\":\"http:\\\/\\\/www.vdoever.nl\\\/de\\\/die-neue-versandhalle-und-lieferlinie-ein-jahr-spaeter\\\/#primaryimage\"},\"thumbnailUrl\":\"http:\\\/\\\/www.vdoever.nl\\\/wp-content\\\/uploads\\\/2021\\\/11\\\/Afleverlijn5.jpg\",\"articleSection\":[\"Neuigkeiten\"],\"inLanguage\":\"de\"},{\"@type\":\"WebPage\",\"@id\":\"http:\\\/\\\/www.vdoever.nl\\\/de\\\/die-neue-versandhalle-und-lieferlinie-ein-jahr-spaeter\\\/\",\"url\":\"http:\\\/\\\/www.vdoever.nl\\\/de\\\/die-neue-versandhalle-und-lieferlinie-ein-jahr-spaeter\\\/\",\"name\":\"Die neue Versandhalle und Lieferlinie, ein Jahr sp\u00e4ter... - Kwekerij M. van den Oever BV\",\"isPartOf\":{\"@id\":\"https:\\\/\\\/www.vdoever.nl\\\/#website\"},\"primaryImageOfPage\":{\"@id\":\"http:\\\/\\\/www.vdoever.nl\\\/de\\\/die-neue-versandhalle-und-lieferlinie-ein-jahr-spaeter\\\/#primaryimage\"},\"image\":{\"@id\":\"http:\\\/\\\/www.vdoever.nl\\\/de\\\/die-neue-versandhalle-und-lieferlinie-ein-jahr-spaeter\\\/#primaryimage\"},\"thumbnailUrl\":\"http:\\\/\\\/www.vdoever.nl\\\/wp-content\\\/uploads\\\/2021\\\/11\\\/Afleverlijn5.jpg\",\"datePublished\":\"2021-11-19T10:22:38+00:00\",\"dateModified\":\"2021-11-19T10:29:58+00:00\",\"author\":{\"@id\":\"https:\\\/\\\/www.vdoever.nl\\\/#\\\/schema\\\/person\\\/6329dbc7eab5a51ee48230c39f88090a\"},\"breadcrumb\":{\"@id\":\"http:\\\/\\\/www.vdoever.nl\\\/de\\\/die-neue-versandhalle-und-lieferlinie-ein-jahr-spaeter\\\/#breadcrumb\"},\"inLanguage\":\"de\",\"potentialAction\":[{\"@type\":\"ReadAction\",\"target\":[\"http:\\\/\\\/www.vdoever.nl\\\/de\\\/die-neue-versandhalle-und-lieferlinie-ein-jahr-spaeter\\\/\"]}]},{\"@type\":\"ImageObject\",\"inLanguage\":\"de\",\"@id\":\"http:\\\/\\\/www.vdoever.nl\\\/de\\\/die-neue-versandhalle-und-lieferlinie-ein-jahr-spaeter\\\/#primaryimage\",\"url\":\"http:\\\/\\\/www.vdoever.nl\\\/wp-content\\\/uploads\\\/2021\\\/11\\\/Afleverlijn5.jpg\",\"contentUrl\":\"http:\\\/\\\/www.vdoever.nl\\\/wp-content\\\/uploads\\\/2021\\\/11\\\/Afleverlijn5.jpg\",\"width\":2560,\"height\":1705},{\"@type\":\"BreadcrumbList\",\"@id\":\"http:\\\/\\\/www.vdoever.nl\\\/de\\\/die-neue-versandhalle-und-lieferlinie-ein-jahr-spaeter\\\/#breadcrumb\",\"itemListElement\":[{\"@type\":\"ListItem\",\"position\":1,\"name\":\"Home\",\"item\":\"http:\\\/\\\/www.vdoever.nl\\\/de\\\/\"},{\"@type\":\"ListItem\",\"position\":2,\"name\":\"Die neue Versandhalle und Lieferlinie, ein Jahr sp\u00e4ter&#8230;\"}]},{\"@type\":\"WebSite\",\"@id\":\"https:\\\/\\\/www.vdoever.nl\\\/#website\",\"url\":\"https:\\\/\\\/www.vdoever.nl\\\/\",\"name\":\"Kwekerij M. van den Oever BV\",\"description\":\"\",\"potentialAction\":[{\"@type\":\"SearchAction\",\"target\":{\"@type\":\"EntryPoint\",\"urlTemplate\":\"https:\\\/\\\/www.vdoever.nl\\\/?s={search_term_string}\"},\"query-input\":{\"@type\":\"PropertyValueSpecification\",\"valueRequired\":true,\"valueName\":\"search_term_string\"}}],\"inLanguage\":\"de\"},{\"@type\":\"Person\",\"@id\":\"https:\\\/\\\/www.vdoever.nl\\\/#\\\/schema\\\/person\\\/6329dbc7eab5a51ee48230c39f88090a\",\"name\":\"GrafiTec\",\"image\":{\"@type\":\"ImageObject\",\"inLanguage\":\"de\",\"@id\":\"https:\\\/\\\/secure.gravatar.com\\\/avatar\\\/5e150856d8e0c37f9a778214493ddbfa3e9b381f5c10acf08acc7c154d2897c2?s=96&d=mm&r=g\",\"url\":\"https:\\\/\\\/secure.gravatar.com\\\/avatar\\\/5e150856d8e0c37f9a778214493ddbfa3e9b381f5c10acf08acc7c154d2897c2?s=96&d=mm&r=g\",\"contentUrl\":\"https:\\\/\\\/secure.gravatar.com\\\/avatar\\\/5e150856d8e0c37f9a778214493ddbfa3e9b381f5c10acf08acc7c154d2897c2?s=96&d=mm&r=g\",\"caption\":\"GrafiTec\"}}]}<\/script>\n<!-- \/ Yoast SEO plugin. -->","yoast_head_json":{"title":"Die neue Versandhalle und Lieferlinie, ein Jahr sp\u00e4ter... - Kwekerij M. van den Oever BV","robots":{"index":"index","follow":"follow","max-snippet":"max-snippet:-1","max-image-preview":"max-image-preview:large","max-video-preview":"max-video-preview:-1"},"canonical":"http:\/\/www.vdoever.nl\/de\/die-neue-versandhalle-und-lieferlinie-ein-jahr-spaeter\/","og_locale":"de_DE","og_type":"article","og_title":"Die neue Versandhalle und Lieferlinie, ein Jahr sp\u00e4ter... - Kwekerij M. van den Oever BV","og_description":"&nbsp; Die Renovierung unserer Versandhalle wurde vor \u00fcber einem Jahr abgeschlossen. Die Investition hat sich als gro\u00dfer Erfolg erwiesen. Mit der installierten Javo-Lieferlinie k\u00f6nnen wir unsere Auftr\u00e4ge pr\u00e4ziser, besser und schneller bearbeiten. Da verschiedene T\u00e4tigkeiten wie das Reinigen und Etikettieren der Pflanzen jetzt innerhalb der Lieferlinie durchgef\u00fchrt werden, haben sich die Arbeitsbedingungen erheblich verbessert. Dadurch [&hellip;]","og_url":"http:\/\/www.vdoever.nl\/de\/die-neue-versandhalle-und-lieferlinie-ein-jahr-spaeter\/","og_site_name":"Kwekerij M. van den Oever BV","article_published_time":"2021-11-19T10:22:38+00:00","article_modified_time":"2021-11-19T10:29:58+00:00","og_image":[{"width":1030,"height":686,"url":"http:\/\/www.vdoever.nl\/wp-content\/uploads\/2021\/11\/Afleverlijn5-1030x686.jpg","type":"image\/jpeg"}],"author":"GrafiTec","twitter_card":"summary_large_image","twitter_misc":{"Verfasst von":"GrafiTec","Gesch\u00e4tzte Lesezeit":"1\u00a0Minute"},"schema":{"@context":"https:\/\/schema.org","@graph":[{"@type":"Article","@id":"http:\/\/www.vdoever.nl\/de\/die-neue-versandhalle-und-lieferlinie-ein-jahr-spaeter\/#article","isPartOf":{"@id":"http:\/\/www.vdoever.nl\/de\/die-neue-versandhalle-und-lieferlinie-ein-jahr-spaeter\/"},"author":{"name":"GrafiTec","@id":"https:\/\/www.vdoever.nl\/#\/schema\/person\/6329dbc7eab5a51ee48230c39f88090a"},"headline":"Die neue Versandhalle und Lieferlinie, ein Jahr sp\u00e4ter&#8230;","datePublished":"2021-11-19T10:22:38+00:00","dateModified":"2021-11-19T10:29:58+00:00","mainEntityOfPage":{"@id":"http:\/\/www.vdoever.nl\/de\/die-neue-versandhalle-und-lieferlinie-ein-jahr-spaeter\/"},"wordCount":129,"image":{"@id":"http:\/\/www.vdoever.nl\/de\/die-neue-versandhalle-und-lieferlinie-ein-jahr-spaeter\/#primaryimage"},"thumbnailUrl":"http:\/\/www.vdoever.nl\/wp-content\/uploads\/2021\/11\/Afleverlijn5.jpg","articleSection":["Neuigkeiten"],"inLanguage":"de"},{"@type":"WebPage","@id":"http:\/\/www.vdoever.nl\/de\/die-neue-versandhalle-und-lieferlinie-ein-jahr-spaeter\/","url":"http:\/\/www.vdoever.nl\/de\/die-neue-versandhalle-und-lieferlinie-ein-jahr-spaeter\/","name":"Die neue Versandhalle und Lieferlinie, ein Jahr sp\u00e4ter... - Kwekerij M. van den Oever BV","isPartOf":{"@id":"https:\/\/www.vdoever.nl\/#website"},"primaryImageOfPage":{"@id":"http:\/\/www.vdoever.nl\/de\/die-neue-versandhalle-und-lieferlinie-ein-jahr-spaeter\/#primaryimage"},"image":{"@id":"http:\/\/www.vdoever.nl\/de\/die-neue-versandhalle-und-lieferlinie-ein-jahr-spaeter\/#primaryimage"},"thumbnailUrl":"http:\/\/www.vdoever.nl\/wp-content\/uploads\/2021\/11\/Afleverlijn5.jpg","datePublished":"2021-11-19T10:22:38+00:00","dateModified":"2021-11-19T10:29:58+00:00","author":{"@id":"https:\/\/www.vdoever.nl\/#\/schema\/person\/6329dbc7eab5a51ee48230c39f88090a"},"breadcrumb":{"@id":"http:\/\/www.vdoever.nl\/de\/die-neue-versandhalle-und-lieferlinie-ein-jahr-spaeter\/#breadcrumb"},"inLanguage":"de","potentialAction":[{"@type":"ReadAction","target":["http:\/\/www.vdoever.nl\/de\/die-neue-versandhalle-und-lieferlinie-ein-jahr-spaeter\/"]}]},{"@type":"ImageObject","inLanguage":"de","@id":"http:\/\/www.vdoever.nl\/de\/die-neue-versandhalle-und-lieferlinie-ein-jahr-spaeter\/#primaryimage","url":"http:\/\/www.vdoever.nl\/wp-content\/uploads\/2021\/11\/Afleverlijn5.jpg","contentUrl":"http:\/\/www.vdoever.nl\/wp-content\/uploads\/2021\/11\/Afleverlijn5.jpg","width":2560,"height":1705},{"@type":"BreadcrumbList","@id":"http:\/\/www.vdoever.nl\/de\/die-neue-versandhalle-und-lieferlinie-ein-jahr-spaeter\/#breadcrumb","itemListElement":[{"@type":"ListItem","position":1,"name":"Home","item":"http:\/\/www.vdoever.nl\/de\/"},{"@type":"ListItem","position":2,"name":"Die neue Versandhalle und Lieferlinie, ein Jahr sp\u00e4ter&#8230;"}]},{"@type":"WebSite","@id":"https:\/\/www.vdoever.nl\/#website","url":"https:\/\/www.vdoever.nl\/","name":"Kwekerij M. van den Oever BV","description":"","potentialAction":[{"@type":"SearchAction","target":{"@type":"EntryPoint","urlTemplate":"https:\/\/www.vdoever.nl\/?s={search_term_string}"},"query-input":{"@type":"PropertyValueSpecification","valueRequired":true,"valueName":"search_term_string"}}],"inLanguage":"de"},{"@type":"Person","@id":"https:\/\/www.vdoever.nl\/#\/schema\/person\/6329dbc7eab5a51ee48230c39f88090a","name":"GrafiTec","image":{"@type":"ImageObject","inLanguage":"de","@id":"https:\/\/secure.gravatar.com\/avatar\/5e150856d8e0c37f9a778214493ddbfa3e9b381f5c10acf08acc7c154d2897c2?s=96&d=mm&r=g","url":"https:\/\/secure.gravatar.com\/avatar\/5e150856d8e0c37f9a778214493ddbfa3e9b381f5c10acf08acc7c154d2897c2?s=96&d=mm&r=g","contentUrl":"https:\/\/secure.gravatar.com\/avatar\/5e150856d8e0c37f9a778214493ddbfa3e9b381f5c10acf08acc7c154d2897c2?s=96&d=mm&r=g","caption":"GrafiTec"}}]}},"_links":{"self":[{"href":"http:\/\/www.vdoever.nl\/de\/wp-json\/wp\/v2\/posts\/667","targetHints":{"allow":["GET"]}}],"collection":[{"href":"http:\/\/www.vdoever.nl\/de\/wp-json\/wp\/v2\/posts"}],"about":[{"href":"http:\/\/www.vdoever.nl\/de\/wp-json\/wp\/v2\/types\/post"}],"author":[{"embeddable":true,"href":"http:\/\/www.vdoever.nl\/de\/wp-json\/wp\/v2\/users\/1"}],"replies":[{"embeddable":true,"href":"http:\/\/www.vdoever.nl\/de\/wp-json\/wp\/v2\/comments?post=667"}],"version-history":[{"count":1,"href":"http:\/\/www.vdoever.nl\/de\/wp-json\/wp\/v2\/posts\/667\/revisions"}],"predecessor-version":[{"id":668,"href":"http:\/\/www.vdoever.nl\/de\/wp-json\/wp\/v2\/posts\/667\/revisions\/668"}],"wp:featuredmedia":[{"embeddable":true,"href":"http:\/\/www.vdoever.nl\/de\/wp-json\/wp\/v2\/media\/641"}],"wp:attachment":[{"href":"http:\/\/www.vdoever.nl\/de\/wp-json\/wp\/v2\/media?parent=667"}],"wp:term":[{"taxonomy":"category","embeddable":true,"href":"http:\/\/www.vdoever.nl\/de\/wp-json\/wp\/v2\/categories?post=667"},{"taxonomy":"post_tag","embeddable":true,"href":"http:\/\/www.vdoever.nl\/de\/wp-json\/wp\/v2\/tags?post=667"}],"curies":[{"name":"wp","href":"https:\/\/api.w.org\/{rel}","templated":true}]}}