{"id":513,"date":"2018-06-19T17:18:08","date_gmt":"2018-06-19T15:18:08","guid":{"rendered":"https:\/\/www.vdoever.nl\/?p=513"},"modified":"2018-06-19T17:18:08","modified_gmt":"2018-06-19T15:18:08","slug":"die-neue-saison-beginnt","status":"publish","type":"post","link":"https:\/\/www.vdoever.nl\/de\/die-neue-saison-beginnt\/","title":{"rendered":"Die neue Saison beginnt!"},"content":{"rendered":"<p>Wir haben im vergangenen Jahr mit der Erweiterung der Containerfelder um ca. 1,5 Hektar in unserer neuen G\u00e4rtnerei angefangen. Jetzt, wo die neue Saison beginnt, sind diese Felder voll mit sch\u00f6nen neuen Pflanzen.<\/p>\n<p>Dank guter Planung lief die Topfpflanz-Saison gut und wir konnten diese im letzten Monat abschlie\u00dfen. Nun k\u00f6nnen wir langsam wieder mit dem Liefern der ersten neuen visuellen Pflanzen beginnen.<\/p>\n<p>Wir werden Sie mehrmals pro Monat dar\u00fcber informieren, welche neuen Pflanzen geliefert werden k\u00f6nnen. Wenn Sie diese Information noch nicht erhalten, diese aber gerne empfangen m\u00f6chten, dann kontaktieren Sie uns bitte! M\u00f6chten Sie die G\u00e4rtnerei einmal besuchen? Das ist m\u00f6glich und Kaffee gibt es auch!<\/p>\n<p>Die zweite Phase der Erweiterung ist f\u00fcr den Sommer 2019 geplant. Dann werden die Containerfelder um etwa 1,75 Hektar erweitert.<\/p>\n<p>Wir werden Sie auf unserer Website \u00fcber die Fortschritte auf dem Laufenden halten.<\/p>\n\n<style type=\"text\/css\" data-created_by=\"avia_inline_auto\" id=\"style-css-av-823an-73316399229eb2163447f028dd471bbe\">\n#top .avia-gallery.av-823an-73316399229eb2163447f028dd471bbe .avia-gallery-thumb a{\nwidth:50%;\n}\n<\/style>\n<div  class='avia-gallery av-823an-73316399229eb2163447f028dd471bbe avia_animate_when_visible  avia-builder-el-0  avia-builder-el-no-sibling  avia_lazyload avia-gallery-animate avia-gallery-1'  itemprop=\"image\" itemscope=\"itemscope\" itemtype=\"https:\/\/schema.org\/ImageObject\" ><meta itemprop=\"contentURL\" content=\"https:\/\/www.vdoever.nl\/de\/die-neue-saison-beginnt\/\"><div class='avia-gallery-thumb'><a href=\"https:\/\/www.vdoever.nl\/wp-content\/uploads\/2018\/06\/foto-1.jpg\" data-srcset=\"https:\/\/www.vdoever.nl\/wp-content\/uploads\/2018\/06\/foto-1.jpg 1000w, https:\/\/www.vdoever.nl\/wp-content\/uploads\/2018\/06\/foto-1-300x225.jpg 300w, https:\/\/www.vdoever.nl\/wp-content\/uploads\/2018\/06\/foto-1-705x529.jpg 705w, https:\/\/www.vdoever.nl\/wp-content\/uploads\/2018\/06\/foto-1-450x338.jpg 450w\" data-sizes=\"(max-width: 1000px) 100vw, 1000px\" data-rel='gallery-1' data-prev-img='https:\/\/www.vdoever.nl\/wp-content\/uploads\/2018\/06\/foto-1-495x400.jpg' class='first_thumb lightbox ' data-onclick='1' title='foto 1'  itemprop=\"thumbnailUrl\"  ><img decoding=\"async\" fetchpriority=\"high\" class=\"wp-image-508 avia-img-lazy-loading-not-508\"   src=\"https:\/\/www.vdoever.nl\/wp-content\/uploads\/2018\/06\/foto-1-845x684.jpg\" width=\"845\" height=\"684\"  title='foto 1' alt='' srcset=\"https:\/\/www.vdoever.nl\/wp-content\/uploads\/2018\/06\/foto-1-845x684.jpg 845w, https:\/\/www.vdoever.nl\/wp-content\/uploads\/2018\/06\/foto-1-495x400.jpg 495w\" sizes=\"(max-width: 845px) 100vw, 845px\" \/><div class='big-prev-fake'><img decoding=\"async\" loading=\"lazy\" class=\"wp-image-508 avia-img-lazy-loading-508\"  width=\"495\" height=\"400\" src=\"https:\/\/www.vdoever.nl\/wp-content\/uploads\/2018\/06\/foto-1-495x400.jpg\" title='foto 1' alt='' srcset=\"https:\/\/www.vdoever.nl\/wp-content\/uploads\/2018\/06\/foto-1-495x400.jpg 495w, https:\/\/www.vdoever.nl\/wp-content\/uploads\/2018\/06\/foto-1-845x684.jpg 845w\" sizes=\"auto, (max-width: 495px) 100vw, 495px\" \/><\/div><\/a><a href=\"https:\/\/www.vdoever.nl\/wp-content\/uploads\/2018\/06\/foto-2.jpg\" data-srcset=\"https:\/\/www.vdoever.nl\/wp-content\/uploads\/2018\/06\/foto-2.jpg 1000w, https:\/\/www.vdoever.nl\/wp-content\/uploads\/2018\/06\/foto-2-300x225.jpg 300w, https:\/\/www.vdoever.nl\/wp-content\/uploads\/2018\/06\/foto-2-705x529.jpg 705w, https:\/\/www.vdoever.nl\/wp-content\/uploads\/2018\/06\/foto-2-450x338.jpg 450w\" data-sizes=\"(max-width: 1000px) 100vw, 1000px\" data-rel='gallery-1' data-prev-img='https:\/\/www.vdoever.nl\/wp-content\/uploads\/2018\/06\/foto-2-495x400.jpg' class='lightbox ' data-onclick='2' title='foto 2'  itemprop=\"thumbnailUrl\"  ><img decoding=\"async\" fetchpriority=\"high\" class=\"wp-image-509 avia-img-lazy-loading-not-509\"   src=\"https:\/\/www.vdoever.nl\/wp-content\/uploads\/2018\/06\/foto-2-845x684.jpg\" width=\"845\" height=\"684\"  title='foto 2' alt='' srcset=\"https:\/\/www.vdoever.nl\/wp-content\/uploads\/2018\/06\/foto-2-845x684.jpg 845w, https:\/\/www.vdoever.nl\/wp-content\/uploads\/2018\/06\/foto-2-495x400.jpg 495w\" sizes=\"(max-width: 845px) 100vw, 845px\" \/><div class='big-prev-fake'><img decoding=\"async\" loading=\"lazy\" class=\"wp-image-509 avia-img-lazy-loading-509\"  width=\"495\" height=\"400\" src=\"https:\/\/www.vdoever.nl\/wp-content\/uploads\/2018\/06\/foto-2-495x400.jpg\" title='foto 2' alt='' srcset=\"https:\/\/www.vdoever.nl\/wp-content\/uploads\/2018\/06\/foto-2-495x400.jpg 495w, https:\/\/www.vdoever.nl\/wp-content\/uploads\/2018\/06\/foto-2-845x684.jpg 845w\" sizes=\"auto, (max-width: 495px) 100vw, 495px\" \/><\/div><\/a><\/div><\/div>\n","protected":false},"excerpt":{"rendered":"<p>Wir haben im vergangenen Jahr mit der Erweiterung der Containerfelder um ca. 1,5 Hektar in unserer neuen G\u00e4rtnerei angefangen. Jetzt, wo die neue Saison beginnt, sind diese Felder voll mit sch\u00f6nen neuen Pflanzen. Dank guter Planung lief die Topfpflanz-Saison gut und wir konnten diese im letzten Monat abschlie\u00dfen. Nun k\u00f6nnen wir langsam wieder mit dem [&hellip;]<\/p>\n","protected":false},"author":1,"featured_media":508,"comment_status":"closed","ping_status":"closed","sticky":false,"template":"","format":"standard","meta":{"footnotes":""},"categories":[11],"tags":[],"class_list":["post-513","post","type-post","status-publish","format-standard","has-post-thumbnail","hentry","category-neuigkeiten"],"yoast_head":"<!-- This site is optimized with the Yoast SEO plugin v27.3 - https:\/\/yoast.com\/product\/yoast-seo-wordpress\/ -->\n<title>Die neue Saison beginnt! - Kwekerij M. van den Oever BV<\/title>\n<meta name=\"robots\" content=\"index, follow, max-snippet:-1, max-image-preview:large, max-video-preview:-1\" \/>\n<link rel=\"canonical\" href=\"http:\/\/www.vdoever.nl\/de\/die-neue-saison-beginnt\/\" \/>\n<meta property=\"og:locale\" content=\"de_DE\" \/>\n<meta property=\"og:type\" content=\"article\" \/>\n<meta property=\"og:title\" content=\"Die neue Saison beginnt! - Kwekerij M. van den Oever BV\" \/>\n<meta property=\"og:description\" content=\"Wir haben im vergangenen Jahr mit der Erweiterung der Containerfelder um ca. 1,5 Hektar in unserer neuen G\u00e4rtnerei angefangen. Jetzt, wo die neue Saison beginnt, sind diese Felder voll mit sch\u00f6nen neuen Pflanzen. Dank guter Planung lief die Topfpflanz-Saison gut und wir konnten diese im letzten Monat abschlie\u00dfen. Nun k\u00f6nnen wir langsam wieder mit dem [&hellip;]\" \/>\n<meta property=\"og:url\" content=\"http:\/\/www.vdoever.nl\/de\/die-neue-saison-beginnt\/\" \/>\n<meta property=\"og:site_name\" content=\"Kwekerij M. van den Oever BV\" \/>\n<meta property=\"article:published_time\" content=\"2018-06-19T15:18:08+00:00\" \/>\n<meta property=\"og:image\" content=\"http:\/\/www.vdoever.nl\/wp-content\/uploads\/2018\/06\/foto-1.jpg\" \/>\n\t<meta property=\"og:image:width\" content=\"1000\" \/>\n\t<meta property=\"og:image:height\" content=\"750\" \/>\n\t<meta property=\"og:image:type\" content=\"image\/jpeg\" \/>\n<meta name=\"author\" content=\"GrafiTec\" \/>\n<meta name=\"twitter:card\" content=\"summary_large_image\" \/>\n<meta name=\"twitter:label1\" content=\"Verfasst von\" \/>\n\t<meta name=\"twitter:data1\" content=\"GrafiTec\" \/>\n\t<meta name=\"twitter:label2\" content=\"Gesch\u00e4tzte Lesezeit\" \/>\n\t<meta name=\"twitter:data2\" content=\"1\u00a0Minute\" \/>\n<script type=\"application\/ld+json\" class=\"yoast-schema-graph\">{\"@context\":\"https:\\\/\\\/schema.org\",\"@graph\":[{\"@type\":\"Article\",\"@id\":\"http:\\\/\\\/www.vdoever.nl\\\/de\\\/die-neue-saison-beginnt\\\/#article\",\"isPartOf\":{\"@id\":\"http:\\\/\\\/www.vdoever.nl\\\/de\\\/die-neue-saison-beginnt\\\/\"},\"author\":{\"name\":\"GrafiTec\",\"@id\":\"https:\\\/\\\/www.vdoever.nl\\\/#\\\/schema\\\/person\\\/6329dbc7eab5a51ee48230c39f88090a\"},\"headline\":\"Die neue Saison beginnt!\",\"datePublished\":\"2018-06-19T15:18:08+00:00\",\"mainEntityOfPage\":{\"@id\":\"http:\\\/\\\/www.vdoever.nl\\\/de\\\/die-neue-saison-beginnt\\\/\"},\"wordCount\":181,\"image\":{\"@id\":\"http:\\\/\\\/www.vdoever.nl\\\/de\\\/die-neue-saison-beginnt\\\/#primaryimage\"},\"thumbnailUrl\":\"https:\\\/\\\/www.vdoever.nl\\\/wp-content\\\/uploads\\\/2018\\\/06\\\/foto-1.jpg\",\"articleSection\":[\"Neuigkeiten\"],\"inLanguage\":\"de\"},{\"@type\":\"WebPage\",\"@id\":\"http:\\\/\\\/www.vdoever.nl\\\/de\\\/die-neue-saison-beginnt\\\/\",\"url\":\"http:\\\/\\\/www.vdoever.nl\\\/de\\\/die-neue-saison-beginnt\\\/\",\"name\":\"Die neue Saison beginnt! - Kwekerij M. van den Oever BV\",\"isPartOf\":{\"@id\":\"https:\\\/\\\/www.vdoever.nl\\\/#website\"},\"primaryImageOfPage\":{\"@id\":\"http:\\\/\\\/www.vdoever.nl\\\/de\\\/die-neue-saison-beginnt\\\/#primaryimage\"},\"image\":{\"@id\":\"http:\\\/\\\/www.vdoever.nl\\\/de\\\/die-neue-saison-beginnt\\\/#primaryimage\"},\"thumbnailUrl\":\"https:\\\/\\\/www.vdoever.nl\\\/wp-content\\\/uploads\\\/2018\\\/06\\\/foto-1.jpg\",\"datePublished\":\"2018-06-19T15:18:08+00:00\",\"author\":{\"@id\":\"https:\\\/\\\/www.vdoever.nl\\\/#\\\/schema\\\/person\\\/6329dbc7eab5a51ee48230c39f88090a\"},\"breadcrumb\":{\"@id\":\"http:\\\/\\\/www.vdoever.nl\\\/de\\\/die-neue-saison-beginnt\\\/#breadcrumb\"},\"inLanguage\":\"de\",\"potentialAction\":[{\"@type\":\"ReadAction\",\"target\":[\"http:\\\/\\\/www.vdoever.nl\\\/de\\\/die-neue-saison-beginnt\\\/\"]}]},{\"@type\":\"ImageObject\",\"inLanguage\":\"de\",\"@id\":\"http:\\\/\\\/www.vdoever.nl\\\/de\\\/die-neue-saison-beginnt\\\/#primaryimage\",\"url\":\"https:\\\/\\\/www.vdoever.nl\\\/wp-content\\\/uploads\\\/2018\\\/06\\\/foto-1.jpg\",\"contentUrl\":\"https:\\\/\\\/www.vdoever.nl\\\/wp-content\\\/uploads\\\/2018\\\/06\\\/foto-1.jpg\",\"width\":1000,\"height\":750},{\"@type\":\"BreadcrumbList\",\"@id\":\"http:\\\/\\\/www.vdoever.nl\\\/de\\\/die-neue-saison-beginnt\\\/#breadcrumb\",\"itemListElement\":[{\"@type\":\"ListItem\",\"position\":1,\"name\":\"Home\",\"item\":\"https:\\\/\\\/www.vdoever.nl\\\/de\\\/\"},{\"@type\":\"ListItem\",\"position\":2,\"name\":\"Die neue Saison beginnt!\"}]},{\"@type\":\"WebSite\",\"@id\":\"https:\\\/\\\/www.vdoever.nl\\\/#website\",\"url\":\"https:\\\/\\\/www.vdoever.nl\\\/\",\"name\":\"Kwekerij M. van den Oever BV\",\"description\":\"\",\"potentialAction\":[{\"@type\":\"SearchAction\",\"target\":{\"@type\":\"EntryPoint\",\"urlTemplate\":\"https:\\\/\\\/www.vdoever.nl\\\/?s={search_term_string}\"},\"query-input\":{\"@type\":\"PropertyValueSpecification\",\"valueRequired\":true,\"valueName\":\"search_term_string\"}}],\"inLanguage\":\"de\"},{\"@type\":\"Person\",\"@id\":\"https:\\\/\\\/www.vdoever.nl\\\/#\\\/schema\\\/person\\\/6329dbc7eab5a51ee48230c39f88090a\",\"name\":\"GrafiTec\",\"image\":{\"@type\":\"ImageObject\",\"inLanguage\":\"de\",\"@id\":\"https:\\\/\\\/secure.gravatar.com\\\/avatar\\\/5e150856d8e0c37f9a778214493ddbfa3e9b381f5c10acf08acc7c154d2897c2?s=96&d=mm&r=g\",\"url\":\"https:\\\/\\\/secure.gravatar.com\\\/avatar\\\/5e150856d8e0c37f9a778214493ddbfa3e9b381f5c10acf08acc7c154d2897c2?s=96&d=mm&r=g\",\"contentUrl\":\"https:\\\/\\\/secure.gravatar.com\\\/avatar\\\/5e150856d8e0c37f9a778214493ddbfa3e9b381f5c10acf08acc7c154d2897c2?s=96&d=mm&r=g\",\"caption\":\"GrafiTec\"}}]}<\/script>\n<!-- \/ Yoast SEO plugin. -->","yoast_head_json":{"title":"Die neue Saison beginnt! - Kwekerij M. van den Oever BV","robots":{"index":"index","follow":"follow","max-snippet":"max-snippet:-1","max-image-preview":"max-image-preview:large","max-video-preview":"max-video-preview:-1"},"canonical":"http:\/\/www.vdoever.nl\/de\/die-neue-saison-beginnt\/","og_locale":"de_DE","og_type":"article","og_title":"Die neue Saison beginnt! - Kwekerij M. van den Oever BV","og_description":"Wir haben im vergangenen Jahr mit der Erweiterung der Containerfelder um ca. 1,5 Hektar in unserer neuen G\u00e4rtnerei angefangen. Jetzt, wo die neue Saison beginnt, sind diese Felder voll mit sch\u00f6nen neuen Pflanzen. Dank guter Planung lief die Topfpflanz-Saison gut und wir konnten diese im letzten Monat abschlie\u00dfen. Nun k\u00f6nnen wir langsam wieder mit dem [&hellip;]","og_url":"http:\/\/www.vdoever.nl\/de\/die-neue-saison-beginnt\/","og_site_name":"Kwekerij M. van den Oever BV","article_published_time":"2018-06-19T15:18:08+00:00","og_image":[{"width":1000,"height":750,"url":"http:\/\/www.vdoever.nl\/wp-content\/uploads\/2018\/06\/foto-1.jpg","type":"image\/jpeg"}],"author":"GrafiTec","twitter_card":"summary_large_image","twitter_misc":{"Verfasst von":"GrafiTec","Gesch\u00e4tzte Lesezeit":"1\u00a0Minute"},"schema":{"@context":"https:\/\/schema.org","@graph":[{"@type":"Article","@id":"http:\/\/www.vdoever.nl\/de\/die-neue-saison-beginnt\/#article","isPartOf":{"@id":"http:\/\/www.vdoever.nl\/de\/die-neue-saison-beginnt\/"},"author":{"name":"GrafiTec","@id":"https:\/\/www.vdoever.nl\/#\/schema\/person\/6329dbc7eab5a51ee48230c39f88090a"},"headline":"Die neue Saison beginnt!","datePublished":"2018-06-19T15:18:08+00:00","mainEntityOfPage":{"@id":"http:\/\/www.vdoever.nl\/de\/die-neue-saison-beginnt\/"},"wordCount":181,"image":{"@id":"http:\/\/www.vdoever.nl\/de\/die-neue-saison-beginnt\/#primaryimage"},"thumbnailUrl":"https:\/\/www.vdoever.nl\/wp-content\/uploads\/2018\/06\/foto-1.jpg","articleSection":["Neuigkeiten"],"inLanguage":"de"},{"@type":"WebPage","@id":"http:\/\/www.vdoever.nl\/de\/die-neue-saison-beginnt\/","url":"http:\/\/www.vdoever.nl\/de\/die-neue-saison-beginnt\/","name":"Die neue Saison beginnt! - Kwekerij M. van den Oever BV","isPartOf":{"@id":"https:\/\/www.vdoever.nl\/#website"},"primaryImageOfPage":{"@id":"http:\/\/www.vdoever.nl\/de\/die-neue-saison-beginnt\/#primaryimage"},"image":{"@id":"http:\/\/www.vdoever.nl\/de\/die-neue-saison-beginnt\/#primaryimage"},"thumbnailUrl":"https:\/\/www.vdoever.nl\/wp-content\/uploads\/2018\/06\/foto-1.jpg","datePublished":"2018-06-19T15:18:08+00:00","author":{"@id":"https:\/\/www.vdoever.nl\/#\/schema\/person\/6329dbc7eab5a51ee48230c39f88090a"},"breadcrumb":{"@id":"http:\/\/www.vdoever.nl\/de\/die-neue-saison-beginnt\/#breadcrumb"},"inLanguage":"de","potentialAction":[{"@type":"ReadAction","target":["http:\/\/www.vdoever.nl\/de\/die-neue-saison-beginnt\/"]}]},{"@type":"ImageObject","inLanguage":"de","@id":"http:\/\/www.vdoever.nl\/de\/die-neue-saison-beginnt\/#primaryimage","url":"https:\/\/www.vdoever.nl\/wp-content\/uploads\/2018\/06\/foto-1.jpg","contentUrl":"https:\/\/www.vdoever.nl\/wp-content\/uploads\/2018\/06\/foto-1.jpg","width":1000,"height":750},{"@type":"BreadcrumbList","@id":"http:\/\/www.vdoever.nl\/de\/die-neue-saison-beginnt\/#breadcrumb","itemListElement":[{"@type":"ListItem","position":1,"name":"Home","item":"https:\/\/www.vdoever.nl\/de\/"},{"@type":"ListItem","position":2,"name":"Die neue Saison beginnt!"}]},{"@type":"WebSite","@id":"https:\/\/www.vdoever.nl\/#website","url":"https:\/\/www.vdoever.nl\/","name":"Kwekerij M. van den Oever BV","description":"","potentialAction":[{"@type":"SearchAction","target":{"@type":"EntryPoint","urlTemplate":"https:\/\/www.vdoever.nl\/?s={search_term_string}"},"query-input":{"@type":"PropertyValueSpecification","valueRequired":true,"valueName":"search_term_string"}}],"inLanguage":"de"},{"@type":"Person","@id":"https:\/\/www.vdoever.nl\/#\/schema\/person\/6329dbc7eab5a51ee48230c39f88090a","name":"GrafiTec","image":{"@type":"ImageObject","inLanguage":"de","@id":"https:\/\/secure.gravatar.com\/avatar\/5e150856d8e0c37f9a778214493ddbfa3e9b381f5c10acf08acc7c154d2897c2?s=96&d=mm&r=g","url":"https:\/\/secure.gravatar.com\/avatar\/5e150856d8e0c37f9a778214493ddbfa3e9b381f5c10acf08acc7c154d2897c2?s=96&d=mm&r=g","contentUrl":"https:\/\/secure.gravatar.com\/avatar\/5e150856d8e0c37f9a778214493ddbfa3e9b381f5c10acf08acc7c154d2897c2?s=96&d=mm&r=g","caption":"GrafiTec"}}]}},"_links":{"self":[{"href":"https:\/\/www.vdoever.nl\/de\/wp-json\/wp\/v2\/posts\/513","targetHints":{"allow":["GET"]}}],"collection":[{"href":"https:\/\/www.vdoever.nl\/de\/wp-json\/wp\/v2\/posts"}],"about":[{"href":"https:\/\/www.vdoever.nl\/de\/wp-json\/wp\/v2\/types\/post"}],"author":[{"embeddable":true,"href":"https:\/\/www.vdoever.nl\/de\/wp-json\/wp\/v2\/users\/1"}],"replies":[{"embeddable":true,"href":"https:\/\/www.vdoever.nl\/de\/wp-json\/wp\/v2\/comments?post=513"}],"version-history":[{"count":1,"href":"https:\/\/www.vdoever.nl\/de\/wp-json\/wp\/v2\/posts\/513\/revisions"}],"predecessor-version":[{"id":514,"href":"https:\/\/www.vdoever.nl\/de\/wp-json\/wp\/v2\/posts\/513\/revisions\/514"}],"wp:featuredmedia":[{"embeddable":true,"href":"https:\/\/www.vdoever.nl\/de\/wp-json\/wp\/v2\/media\/508"}],"wp:attachment":[{"href":"https:\/\/www.vdoever.nl\/de\/wp-json\/wp\/v2\/media?parent=513"}],"wp:term":[{"taxonomy":"category","embeddable":true,"href":"https:\/\/www.vdoever.nl\/de\/wp-json\/wp\/v2\/categories?post=513"},{"taxonomy":"post_tag","embeddable":true,"href":"https:\/\/www.vdoever.nl\/de\/wp-json\/wp\/v2\/tags?post=513"}],"curies":[{"name":"wp","href":"https:\/\/api.w.org\/{rel}","templated":true}]}}